{"id":9711,"date":"2016-06-07T19:45:35","date_gmt":"2016-06-07T19:45:35","guid":{"rendered":"https:\/\/investiga.uned.ac.cr\/agendajoven\/2016\/06\/07\/jornada-conmemorativa-del-dia-del-indigena-costarricense\/"},"modified":"2016-06-07T19:45:35","modified_gmt":"2016-06-07T19:45:35","slug":"jornada-conmemorativa-del-dia-del-indigena-costarricense","status":"publish","type":"post","link":"https:\/\/investiga.uned.ac.cr\/agendajoven\/2016\/06\/07\/jornada-conmemorativa-del-dia-del-indigena-costarricense\/","title":{"rendered":"Jornada Conmemorativa del D\u00eda del Ind\u00edgena Costarricense"},"content":{"rendered":"<p>Por: Evita Henr\u00edquez<\/p>\n<p>El pasado 19 de abril de 2016, d\u00eda que Costa Rica celebra a nuestros pueblos originarios, el \u00c1rea de Gesti\u00f3n Ind\u00edgena, del Acuerdo de Mejoramiento Institucional (AMI), en coordinaci\u00f3n con la Vicerrector\u00eda de Planificaci\u00f3n de la UNED, realiz\u00f3 la Jornada Conmemorativa del D\u00eda del Ind\u00edgena Costarricense, actividad que se desarroll\u00f3 todo el d\u00eda con diversos homenajes y exposiciones importantes<\/p>\n<p>Entre lo acontecido destaca: la firma del convenio marco entre UNED y la Fundaci\u00f3n de Desarrollo Ind\u00edgena Ambiental (FUNDEICO), la entrega de un CD de m\u00fasica ind\u00edgena realizado por la UNED con la utilizaci\u00f3n de instrumentos madre del Museo Nacional, presentaci\u00f3n del libro \u201cLa religi\u00f3n de Mamachi entre los Ngobes de Costa Rica\u201d escrito por Alexandre Cort\u00e9s Campos y la rendici\u00f3n de cuentas del trabajo del \u00c1rea de Gesti\u00f3n de Pueblos Ind\u00edgenas del a\u00f1o 2015. Para horas de la tarde destaca el Panel \u201cDiversos caminos recorridos con la poblaci\u00f3n ind\u00edgena desde la UNED\u201c, finalizando con el conversatorio con estudiantes ind\u00edgenas de la UNED.<br \/>\nTodo lo anterior refleja el gran esfuerzo que realiza la UNED en pro de los pueblos originarios:<\/p>\n<p>\u201cLa poblaci\u00f3n ind\u00edgena actual de Costa Rica, representa aproximadamente 1% de la poblaci\u00f3n nacional y se identifican en ocho grupos localizados en diversos territorios de acuerdo a una definici\u00f3n cultural y a su lenguaje. Estos grupos son los Borucas, Bribris, Cab\u00e9car, Chorotegas, Huetares, Maleku, Ng\u00f6be y T\u00e9rraba. Dicha poblaci\u00f3n ronda las 70 000 personas. En la actualidad, se estima que de 150 a 300 estudiantes ind\u00edgenas cursan estudios superiores principalmente en universidades estatales, siendo la de mayor poblaci\u00f3n la UNED.\u201d<\/p>\n<p>Extra\u00eddo de : http:\/\/www.uned.ac.cr\/acontecer\/a-diario\/gestion-universitaria\/2590-institucion-conmemorara-el-dia-del-indigena-costarricense<\/p>\n","protected":false},"excerpt":{"rendered":"<p>Por: Evita Henr\u00edquez El pasado 19 de abril de 2016, d\u00eda que Costa Rica celebra a nuestros pueblos originarios, el \u00c1rea de Gesti\u00f3n Ind\u00edgena, del Acuerdo de Mejoramiento Institucional (AMI), en coordinaci\u00f3n con la Vicerrector\u00eda de Planificaci\u00f3n de la UNED, realiz\u00f3 la Jornada Conmemorativa del D\u00eda del Ind\u00edgena Costarricense, actividad [&hellip;]<\/p>\n","protected":false},"author":1,"featured_media":7525,"comment_status":"closed","ping_status":"closed","sticky":false,"template":"","format":"standard","meta":{"ngg_post_thumbnail":0,"_themeisle_gutenberg_block_has_review":false,"footnotes":""},"categories":[1],"tags":[177,128,178,27],"class_list":["post-9711","post","type-post","status-publish","format-standard","has-post-thumbnail","hentry","category-sin-categoria","tag-ami","tag-extension","tag-indigenascr","tag-uned"],"_links":{"self":[{"href":"https:\/\/investiga.uned.ac.cr\/agendajoven\/wp-json\/wp\/v2\/posts\/9711","targetHints":{"allow":["GET"]}}],"collection":[{"href":"https:\/\/investiga.uned.ac.cr\/agendajoven\/wp-json\/wp\/v2\/posts"}],"about":[{"href":"https:\/\/investiga.uned.ac.cr\/agendajoven\/wp-json\/wp\/v2\/types\/post"}],"author":[{"embeddable":true,"href":"https:\/\/investiga.uned.ac.cr\/agendajoven\/wp-json\/wp\/v2\/users\/1"}],"replies":[{"embeddable":true,"href":"https:\/\/investiga.uned.ac.cr\/agendajoven\/wp-json\/wp\/v2\/comments?post=9711"}],"version-history":[{"count":0,"href":"https:\/\/investiga.uned.ac.cr\/agendajoven\/wp-json\/wp\/v2\/posts\/9711\/revisions"}],"wp:featuredmedia":[{"embeddable":true,"href":"https:\/\/investiga.uned.ac.cr\/agendajoven\/wp-json\/wp\/v2\/media\/7525"}],"wp:attachment":[{"href":"https:\/\/investiga.uned.ac.cr\/agendajoven\/wp-json\/wp\/v2\/media?parent=9711"}],"wp:term":[{"taxonomy":"category","embeddable":true,"href":"https:\/\/investiga.uned.ac.cr\/agendajoven\/wp-json\/wp\/v2\/categories?post=9711"},{"taxonomy":"post_tag","embeddable":true,"href":"https:\/\/investiga.uned.ac.cr\/agendajoven\/wp-json\/wp\/v2\/tags?post=9711"}],"curies":[{"name":"wp","href":"https:\/\/api.w.org\/{rel}","templated":true}]}}