{"id":9698,"date":"2016-04-27T19:35:08","date_gmt":"2016-04-27T19:35:08","guid":{"rendered":"https:\/\/investiga.uned.ac.cr\/agendajoven\/2016\/04\/27\/tecnologias-digitales\/"},"modified":"2016-04-27T19:35:08","modified_gmt":"2016-04-27T19:35:08","slug":"tecnologias-digitales","status":"publish","type":"post","link":"https:\/\/investiga.uned.ac.cr\/agendajoven\/2016\/04\/27\/tecnologias-digitales\/","title":{"rendered":"Tecnolog\u00edas Digitales"},"content":{"rendered":"<p><strong>Por: Maikol Picado C. <\/strong><br \/>\n<strong>Agenda Joven<\/strong><\/p>\n<p>Una nueva campa\u00f1a pretende motivar a los j\u00f3venes a buscar carreras que los formen en Tecnolog\u00edas de Comunicaci\u00f3n e Informaci\u00f3n (TIC\u2019s), este campo laboral cuenta con d\u00e9ficit de profesionales en nuestro pa\u00eds. Seg\u00fan el medio de informaci\u00f3n digital www.larepublica.net, la campa\u00f1a dio inicio en febrero de este a\u00f1o.<\/p>\n<p>Entre sus estrategias para atraer la atenci\u00f3n de los j\u00f3venes hacia este tipo de carreras, se proponen los beneficios y comodidades que brindan las empresas que trabajan con las TIC\u2019s, como la vestimenta donde es com\u00fan observar jeans y camisetas, adem\u00e1s, de horarios flexibles y el tele trabajo.<\/p>\n<p>La campa\u00f1a tiene como objetivo &#8220;fomentar en los muchachos su inter\u00e9s por trabajar en tecnolog\u00eda y que vean lo divertido que puede ser. Tienen libertad de vestimenta, ambientes sanos de trabajo y la posibilidad trabajar desde sus casas. Es importante que dejen de verlo como algo complicado\u201d, dijo Otto Rivera, director ejecutivo de C\u00e1mara de tecnolog\u00eda de informaci\u00f3n y comunicaci\u00f3n (CAMTIC). Seg\u00fan un sondeo del CAMTIC para el a\u00f1o 2014 hac\u00edan falta alrededor de 8 mil inform\u00e1ticos para suplir la demanda de profesionales en este \u00e1mbito.<\/p>\n<p>La informaci\u00f3n anterior es bastante \u00fatil para aquellas personas j\u00f3venes que se encuentren en periodo de pensar que van a estudiar y adem\u00e1s, tener una visi\u00f3n m\u00e1s clara de c\u00f3mo puede estar el campo laboral una vez concluida la carrera que se escogi\u00f3.<\/p>\n<p>&nbsp;<\/p>\n","protected":false},"excerpt":{"rendered":"<p>Por: Maikol Picado C. Agenda Joven Una nueva campa\u00f1a pretende motivar a los j\u00f3venes a buscar carreras que los formen en Tecnolog\u00edas de Comunicaci\u00f3n e Informaci\u00f3n (TIC\u2019s), este campo laboral cuenta con d\u00e9ficit de profesionales en nuestro pa\u00eds. Seg\u00fan el medio de informaci\u00f3n digital www.larepublica.net, la campa\u00f1a dio inicio en [&hellip;]<\/p>\n","protected":false},"author":1,"featured_media":9263,"comment_status":"closed","ping_status":"closed","sticky":false,"template":"","format":"standard","meta":{"ngg_post_thumbnail":0,"_themeisle_gutenberg_block_has_review":false,"footnotes":""},"categories":[1],"tags":[162,88],"class_list":["post-9698","post","type-post","status-publish","format-standard","has-post-thumbnail","hentry","category-sin-categoria","tag-formacion","tag-tecnologia"],"_links":{"self":[{"href":"https:\/\/investiga.uned.ac.cr\/agendajoven\/wp-json\/wp\/v2\/posts\/9698","targetHints":{"allow":["GET"]}}],"collection":[{"href":"https:\/\/investiga.uned.ac.cr\/agendajoven\/wp-json\/wp\/v2\/posts"}],"about":[{"href":"https:\/\/investiga.uned.ac.cr\/agendajoven\/wp-json\/wp\/v2\/types\/post"}],"author":[{"embeddable":true,"href":"https:\/\/investiga.uned.ac.cr\/agendajoven\/wp-json\/wp\/v2\/users\/1"}],"replies":[{"embeddable":true,"href":"https:\/\/investiga.uned.ac.cr\/agendajoven\/wp-json\/wp\/v2\/comments?post=9698"}],"version-history":[{"count":0,"href":"https:\/\/investiga.uned.ac.cr\/agendajoven\/wp-json\/wp\/v2\/posts\/9698\/revisions"}],"wp:featuredmedia":[{"embeddable":true,"href":"https:\/\/investiga.uned.ac.cr\/agendajoven\/wp-json\/wp\/v2\/media\/9263"}],"wp:attachment":[{"href":"https:\/\/investiga.uned.ac.cr\/agendajoven\/wp-json\/wp\/v2\/media?parent=9698"}],"wp:term":[{"taxonomy":"category","embeddable":true,"href":"https:\/\/investiga.uned.ac.cr\/agendajoven\/wp-json\/wp\/v2\/categories?post=9698"},{"taxonomy":"post_tag","embeddable":true,"href":"https:\/\/investiga.uned.ac.cr\/agendajoven\/wp-json\/wp\/v2\/tags?post=9698"}],"curies":[{"name":"wp","href":"https:\/\/api.w.org\/{rel}","templated":true}]}}