{"id":9670,"date":"2015-11-13T19:30:57","date_gmt":"2015-11-13T19:30:57","guid":{"rendered":"https:\/\/investiga.uned.ac.cr\/agendajoven\/2015\/11\/13\/suicidio-se-apodero-principalmente-de-jovenes-de-talamanca\/"},"modified":"2015-11-13T19:30:57","modified_gmt":"2015-11-13T19:30:57","slug":"suicidio-se-apodero-principalmente-de-jovenes-de-talamanca","status":"publish","type":"post","link":"https:\/\/investiga.uned.ac.cr\/agendajoven\/2015\/11\/13\/suicidio-se-apodero-principalmente-de-jovenes-de-talamanca\/","title":{"rendered":"Suicidio se apoder\u00f3 principalmente de j\u00f3venes de Talamanca"},"content":{"rendered":"<p><span><strong>Elaborado por Roy Gonz\u00e1lez Sancho<\/strong><\/p>\n<p>De acuerdo con la publicaci\u00f3n del peri\u00f3dico digital CRHoy, en el caso del cant\u00f3n de Talamanca, son los j\u00f3venes entre los 10 y 24 a\u00f1os, &#8220;son quienes han cometido m\u00e1s suicidios en nuestro pa\u00eds.&#8221;<\/p>\n<p>Los datos se desprenden de un estudio realizado en el pa\u00eds en el que se analizaron datos del Centro del Centro Centroamericano de Poblaci\u00f3n de la Universidad de Costa Rica (UCR) y de la Caja Costarricense de Seguro Social en el periodo del 2009 al 2014 a trav\u00e9s de un mapeo estad\u00edstico.<\/p>\n<p>Aunque los encargados del estudio argumentaron que desconocen las causas por las que cometieron el suicidio las personas de este rango de edad, la investigadora entrevistada agreg\u00f3 que con los resultados que arroj\u00f3 la investigaci\u00f3n se realizar\u00e1 un trabajo preventivo y que se identificar\u00e1n los factores de riesgo en las zonas donde se registraron mayor cantidad de casos.<\/p>\n<p>De acuerdo con la comunicaci\u00f3n de CRHoy en el pa\u00eds, el suicidio se ha convertido en un problema de salud p\u00fablica, pues desde el 2005 se encuentra registrada como la tercera causa de muerte en adolescentes especialmente, de ah\u00ed que la un estudio como este sea vital para que las autoridades sanitarias tomen medidas al respecto.<\/p>\n<p>Entre los resultados m\u00e1s importantes de la investigaci\u00f3n en la publicaci\u00f3n se destac\u00f3 que los casos de suicidio observados en el cant\u00f3n de Talamanca fueron de 10, cuando lo que se esperaba registrar era 2.38.<br \/>\n<\/span><\/p>\n","protected":false},"excerpt":{"rendered":"<p>Elaborado por Roy Gonz\u00e1lez Sancho De acuerdo con la publicaci\u00f3n del peri\u00f3dico digital CRHoy, en el caso del cant\u00f3n de Talamanca, son los j\u00f3venes entre los 10 y 24 a\u00f1os, &#8220;son quienes han cometido m\u00e1s suicidios en nuestro pa\u00eds.&#8221; Los datos se desprenden de un estudio realizado en el pa\u00eds [&hellip;]<\/p>\n","protected":false},"author":1,"featured_media":0,"comment_status":"closed","ping_status":"closed","sticky":false,"template":"","format":"standard","meta":{"ngg_post_thumbnail":0,"_themeisle_gutenberg_block_has_review":false,"footnotes":""},"categories":[1],"tags":[7,135,136],"class_list":["post-9670","post","type-post","status-publish","format-standard","hentry","category-sin-categoria","tag-jovenes","tag-suicidios","tag-talamanca"],"_links":{"self":[{"href":"https:\/\/investiga.uned.ac.cr\/agendajoven\/wp-json\/wp\/v2\/posts\/9670","targetHints":{"allow":["GET"]}}],"collection":[{"href":"https:\/\/investiga.uned.ac.cr\/agendajoven\/wp-json\/wp\/v2\/posts"}],"about":[{"href":"https:\/\/investiga.uned.ac.cr\/agendajoven\/wp-json\/wp\/v2\/types\/post"}],"author":[{"embeddable":true,"href":"https:\/\/investiga.uned.ac.cr\/agendajoven\/wp-json\/wp\/v2\/users\/1"}],"replies":[{"embeddable":true,"href":"https:\/\/investiga.uned.ac.cr\/agendajoven\/wp-json\/wp\/v2\/comments?post=9670"}],"version-history":[{"count":0,"href":"https:\/\/investiga.uned.ac.cr\/agendajoven\/wp-json\/wp\/v2\/posts\/9670\/revisions"}],"wp:attachment":[{"href":"https:\/\/investiga.uned.ac.cr\/agendajoven\/wp-json\/wp\/v2\/media?parent=9670"}],"wp:term":[{"taxonomy":"category","embeddable":true,"href":"https:\/\/investiga.uned.ac.cr\/agendajoven\/wp-json\/wp\/v2\/categories?post=9670"},{"taxonomy":"post_tag","embeddable":true,"href":"https:\/\/investiga.uned.ac.cr\/agendajoven\/wp-json\/wp\/v2\/tags?post=9670"}],"curies":[{"name":"wp","href":"https:\/\/api.w.org\/{rel}","templated":true}]}}